{"id":9894,"date":"2023-08-30T10:14:39","date_gmt":"2023-08-30T08:14:39","guid":{"rendered":"https:\/\/osobdravinji.splet.arnes.si\/?p=9894"},"modified":"2023-08-30T10:17:35","modified_gmt":"2023-08-30T08:17:35","slug":"pozdrav-v-solsko-leto-2023-2024","status":"publish","type":"post","link":"https:\/\/obdravinji.si\/?p=9894","title":{"rendered":"POZDRAV V \u0160OLSKO LETO 2023\/2024"},"content":{"rendered":"\n<p class=\"has-text-align-center has-text-color\" style=\"color:#0a4fe4\">\u00bbKo pouka ve\u010d ne bo,<\/p>\n\n\n\n<p class=\"has-text-align-center has-text-color\" style=\"color:#0a4fe4\">nad nami brezskrbno bo nebo.<\/p>\n\n\n\n<p class=\"has-text-align-center has-text-color\" style=\"color:#0a4fe4\">Dva meseca imeli bomo mir,<\/p>\n\n\n\n<p class=\"has-text-align-center has-text-color\" style=\"color:#0a4fe4\">na po\u010ditnice se bomo pognali v dir.<\/p>\n\n\n\n<p class=\"has-text-align-center has-text-color\" style=\"color:#0a4fe4\"><strong>A hitro minil bo prijeten \u010das,<\/strong><\/p>\n\n\n\n<p class=\"has-text-align-center has-text-color\" style=\"color:#0a4fe4\"><strong>spet obveznosti bodo pri\u0161le med nas.<\/strong><\/p>\n\n\n\n<p class=\"has-text-align-center has-text-color\" style=\"color:#0a4fe4\"><strong>V \u0161olo septembra bomo se vrnili,<\/strong><\/p>\n\n\n\n<p class=\"has-text-align-center has-text-color\" style=\"color:#0a4fe4\"><strong>pridno in marljivo skupaj se u\u010dili<\/strong>.\u00ab<\/p>\n\n\n\n<p class=\"has-text-align-center has-text-color\" style=\"color:#0a4fe4\">\u00a0(Jo\u0161t Levart in Urh Juhart)<\/p>\n\n\n\n<p><\/p>\n\n\n\n<p class=\"has-text-align-center has-vivid-red-color has-text-color\"><strong>Drage u\u010denke, dragi u\u010denci, spo\u0161tovani star\u0161i in skrbniki.<\/strong><\/p>\n\n\n\n<p class=\"has-text-align-center has-vivid-red-color has-text-color\"><strong>Verjamemo, da ste po\u010ditnice pre\u017eiveli lepo, da ste se nau\u017eili prostih in brezskrbnih dni in da ste polni nove energije za novo \u0161olsko leto.<\/strong><\/p>\n\n\n\n<p class=\"has-text-align-center has-vivid-red-color has-text-color\"><strong>Pogumno zakorakajte vanj, v prepri\u010danju, da bo uspe\u0161no in da bosta va\u0161 trud in delo obrodila rezultate.<\/strong><\/p>\n\n\n\n<p class=\"has-text-align-center has-vivid-red-color has-text-color\"><strong>Na O\u0160 Ob Dravinji vas z veseljem pri\u010dakujemo.<\/strong><\/p>\n\n\n\n<p class=\"has-luminous-vivid-amber-background-color has-text-color has-background\" style=\"color:#072fe3\"><strong>V petek, 1. septembra 2023, \u00a0se za\u010denja \u0161olsko leto 2023\/24.<\/strong><\/p>\n\n\n\n<p class=\"has-text-color\" style=\"color:#02aa6d\"><strong>PRVI \u0160OLSKI DAN ZA PRVO\u0160OLCE<\/strong><\/p>\n\n\n\n<p class=\"has-text-color\" style=\"color:#02aa6d\"><strong>Sprejem prvo\u0161olcev na mati\u010dni \u0161oli Ob Dravinji je ob 9. uri, na podru\u017enici Tepanje pa ob 10. uri. Prvo\u0161olci ste vabilo za 1. \u0161olski dan dobili po po\u0161ti.<\/strong><\/p>\n\n\n\n<p class=\"has-vivid-purple-color has-text-color\"><strong>PRVI \u0160OLSKI DAN ZA U\u010cENCE OD 2. DO 9. RAZREDA<\/strong><\/p>\n\n\n\n<p class=\"has-vivid-purple-color has-text-color\"><strong>Za u\u010dence od 2. do 9. razreda se 1. \u0161olski dan pri\u010dne ob 8.20.<\/strong><\/p>\n\n\n\n<p class=\"has-vivid-purple-color has-text-color\"><strong>U\u010denci 2. in 3. razreda vstopate v \u0161olo skozi vhod 1. triletja. Ob vstopu v \u0161olo vas bodo de\u017eurni u\u010ditelji usmerili v mati\u010dne u\u010dilnice.<\/strong><\/p>\n\n\n\n<p class=\"has-vivid-purple-color has-text-color\"><strong>U\u010denci od 4. do 9. razreda po\u010dakate pred glavnim vhodom, kjer vas bodo pri\u010dakali va\u0161i razredniki in vas peljali v mati\u010dne u\u010dilnice.<\/strong><\/p>\n\n\n\n<p class=\"has-vivid-purple-color has-text-color\"><strong>Imeli boste tri \u0161olske ure z razrednikom, \u010detrto \u0161olsko uro pa pouk po urniku.<\/strong><\/p>\n\n\n\n<p class=\"has-vivid-purple-color has-text-color\"><strong>S sabo prinesite torbo, bele\u017eko, peresnico in \u0161olske copate.<\/strong><\/p>\n\n\n\n<p>Vozni red \u0161olskih avtobusov ostaja enak kot lansko \u0161olsko leto in je objavljen na spletni strani \u0161ole.<\/p>\n\n\n\n<p><strong>Odhodi \u0161olskih avtobusov na prvi \u0161olski dan se pri\u010dnejo ob 12. uri.<\/strong><\/p>\n\n\n\n<p>Prvi \u0161olski dan imate vsi u\u010denci malico, kosilo je organizirano za u\u010dence od 2. do 5. razreda.<\/p>\n\n\n\n<p class=\"has-pale-cyan-blue-background-color has-background\">Drage u\u010denke in u\u010denci, spo\u0161tovani star\u0161i.<\/p>\n\n\n\n<p class=\"has-pale-cyan-blue-background-color has-background\">Za dobro in uspe\u0161no delovanje \u0161ole je potrebno na\u0161e skupno sodelovanje in zaupanje. Prepri\u010dani smo, da nam bo v \u0161olskem letu 2023\/24 skupaj uspelo.<\/p>\n\n\n\n<p class=\"has-text-align-right\">Ravnateljica mag. Nevenka Brdnik in kolektiv O\u0160 Ob Dravinji<\/p>\n","protected":false},"excerpt":{"rendered":"<p>\u00bbKo pouka ve\u010d ne bo, nad nami brezskrbno bo nebo. Dva meseca imeli bomo mir, na po\u010ditnice se bomo pognali v dir. A hitro minil bo prijeten \u010das, spet obveznosti bodo pri\u0161le med nas. V \u0161olo septembra bomo se vrnili, pridno in marljivo skupaj se u\u010dili.\u00ab \u00a0(Jo\u0161t Levart in Urh Juhart) Drage u\u010denke, dragi u\u010denci, spo\u0161tovani star\u0161i in skrbniki. Verjamemo, da ste po\u010ditnice pre\u017eiveli lepo, da ste se nau\u017eili prostih in brezskrbnih dni in da ste polni nove energije za novo \u0161olsko leto. Pogumno zakorakajte vanj, v prepri\u010danju, da bo uspe\u0161no in da bosta va\u0161 trud in delo obrodila rezultate. [&hellip;]<\/p>\n","protected":false},"author":35617,"featured_media":0,"comment_status":"closed","ping_status":"closed","sticky":false,"template":"","format":"standard","meta":{"footnotes":""},"categories":[1],"tags":[],"class_list":["post-9894","post","type-post","status-publish","format-standard","hentry","category-novice"],"_links":{"self":[{"href":"https:\/\/obdravinji.si\/index.php?rest_route=\/wp\/v2\/posts\/9894","targetHints":{"allow":["GET"]}}],"collection":[{"href":"https:\/\/obdravinji.si\/index.php?rest_route=\/wp\/v2\/posts"}],"about":[{"href":"https:\/\/obdravinji.si\/index.php?rest_route=\/wp\/v2\/types\/post"}],"author":[{"embeddable":true,"href":"https:\/\/obdravinji.si\/index.php?rest_route=\/wp\/v2\/users\/35617"}],"replies":[{"embeddable":true,"href":"https:\/\/obdravinji.si\/index.php?rest_route=%2Fwp%2Fv2%2Fcomments&post=9894"}],"version-history":[{"count":5,"href":"https:\/\/obdravinji.si\/index.php?rest_route=\/wp\/v2\/posts\/9894\/revisions"}],"predecessor-version":[{"id":9900,"href":"https:\/\/obdravinji.si\/index.php?rest_route=\/wp\/v2\/posts\/9894\/revisions\/9900"}],"wp:attachment":[{"href":"https:\/\/obdravinji.si\/index.php?rest_route=%2Fwp%2Fv2%2Fmedia&parent=9894"}],"wp:term":[{"taxonomy":"category","embeddable":true,"href":"https:\/\/obdravinji.si\/index.php?rest_route=%2Fwp%2Fv2%2Fcategories&post=9894"},{"taxonomy":"post_tag","embeddable":true,"href":"https:\/\/obdravinji.si\/index.php?rest_route=%2Fwp%2Fv2%2Ftags&post=9894"}],"curies":[{"name":"wp","href":"https:\/\/api.w.org\/{rel}","templated":true}]}}